{"id":19509,"date":"2017-10-06T10:29:00","date_gmt":"2017-10-06T10:29:00","guid":{"rendered":"https:\/\/angry-euler.82-223-12-193.plesk.page\/?p=19509"},"modified":"2025-12-15T14:07:29","modified_gmt":"2025-12-15T14:07:29","slug":"olot-meats-group-rep-el-guardo-a-la-projeccio-internacional","status":"publish","type":"post","link":"https:\/\/ccelra.eu\/index.php\/ca\/2017\/10\/06\/olot-meats-group-rep-el-guardo-a-la-projeccio-internacional\/","title":{"rendered":"OLOT MEATS GROUP rep el guard\u00f3 a la projecci\u00f3 internacional"},"content":{"rendered":"\t\t<div data-elementor-type=\"wp-post\" data-elementor-id=\"19509\" class=\"elementor elementor-19509\">\n\t\t\t\t\t\t<section class=\"elementor-section elementor-top-section elementor-element elementor-element-85702f3 elementor-section-full_width elementor-section-height-default elementor-section-height-default\" data-id=\"85702f3\" data-element_type=\"section\" data-e-type=\"section\">\n\t\t\t\t\t\t<div class=\"elementor-container elementor-column-gap-no\">\n\t\t\t\t\t<div class=\"elementor-column elementor-col-100 elementor-top-column elementor-element elementor-element-0376ae0\" data-id=\"0376ae0\" data-element_type=\"column\" data-e-type=\"column\">\n\t\t\t<div class=\"elementor-widget-wrap elementor-element-populated\">\n\t\t\t\t\t\t<div class=\"elementor-element elementor-element-e520803 elementor-widget elementor-widget-text-editor\" data-id=\"e520803\" data-element_type=\"widget\" data-e-type=\"widget\" data-widget_type=\"text-editor.default\">\n\t\t\t\t<div class=\"elementor-widget-container\">\n\t\t\t\t\t\t\t\t\t<p><strong>Els guardons reconeixen a les tres empreses la seva iniciativa exportadora, per la projecci\u00f3 internacional i per la seva innovaci\u00f3 especial. La corporaci\u00f3 empresarial tamb\u00e9 va voler agrair el Celler de Can Roca la seva ajuda a la internacionalitzaci\u00f3.<\/strong><\/p>\t\t\t\t\t\t\t\t<\/div>\n\t\t\t\t<\/div>\n\t\t\t\t<div class=\"elementor-element elementor-element-b6e0050 elementor-widget elementor-widget-text-editor\" data-id=\"b6e0050\" data-element_type=\"widget\" data-e-type=\"widget\" data-widget_type=\"text-editor.default\">\n\t\t\t\t<div class=\"elementor-widget-container\">\n\t\t\t\t\t\t\t\t\t<p>La Cambra va guardonar Sant Aniol, <strong>Olot Meats Group<\/strong> i Enprom durant la gala anual dels Premis a l&#8217;Exportaci\u00f3. La corporaci\u00f3 reconeix aix\u00ed les tres empreses per la iniciativa exportadora, per la projecci\u00f3 internacional i per la innovaci\u00f3. A m\u00e9s, tamb\u00e9 es va fer un reconeixement especial al Celler de Can Roca per la seva ajuda en la internacionalitzaci\u00f3 de les comarques de Girona. La XXII edici\u00f3 dels Premis a l&#8217;Exportaci\u00f3, organitzada per la Cambra de Comer\u00e7 de Girona a l&#8217;Auditori, va comptar amb la cloenda del president de la Generalitat, Carles Puigdemont. El jurat ha valorat un total de 15 empreses de la demarcaci\u00f3 que han destacat per les xifres d&#8217;exportaci\u00f3 o per les innovacions que han introdu\u00eft en els processos d&#8217;internacionalitzaci\u00f3.<\/p>\t\t\t\t\t\t\t\t<\/div>\n\t\t\t\t<\/div>\n\t\t\t\t<div class=\"elementor-element elementor-element-4dc6fc2 elementor-widget elementor-widget-text-editor\" data-id=\"4dc6fc2\" data-element_type=\"widget\" data-e-type=\"widget\" data-widget_type=\"text-editor.default\">\n\t\t\t\t<div class=\"elementor-widget-container\">\n\t\t\t\t\t\t\t\t\t<blockquote><p><strong>\u00abAQUESTS PREMIS EXPLIQUEN MOLT B\u00c9 LA MANERA D&#8217;ENTENDRE L&#8217;ECONOMIA A LA NOSTRA CASA\u00bb<\/strong><\/p><\/blockquote>\t\t\t\t\t\t\t\t<\/div>\n\t\t\t\t<\/div>\n\t\t\t\t<div class=\"elementor-element elementor-element-c81d8e8 elementor-widget elementor-widget-text-editor\" data-id=\"c81d8e8\" data-element_type=\"widget\" data-e-type=\"widget\" data-widget_type=\"text-editor.default\">\n\t\t\t\t<div class=\"elementor-widget-container\">\n\t\t\t\t\t\t\t\t\t<p>L&#8217;objectiu d&#8217;aquests premis \u00e9s recon\u00e8ixer la bona tasca de les empreses exportadores catalanes, ja s\u00f3n m\u00e9s d&#8217;un miler les que habitualment fan arribar els seus productes a tot el m\u00f3n. El guard\u00f3 Iniciativa Exportadora, que ha obtingut l&#8217;empresa d&#8217;Aigua de Sant Aniol, reconeix la millor feina de les empreses que facturen fins a 5M EUR. Els m\u00e8rits que el jurat ha destacat han estat la millora en les l\u00ednies de producci\u00f3 i el llan\u00e7ament de nous formats que han perm\u00e8s el creixement continuat de la xifra de negoci en el llindar d&#8217;aquests 5 M euros i del percentatge d&#8217;exportacions. Aix\u00ed mateix, l&#8217;arribada a mercats especialment complicats com els Emirats \u00c0rabs. Els principals pa\u00efsos on arriben els seus productes s\u00f3n els Estats Units, 24%; Regne Unit, 22%; i la Xina, 11%.<\/p>\t\t\t\t\t\t\t\t<\/div>\n\t\t\t\t<\/div>\n\t\t\t\t<div class=\"elementor-element elementor-element-33f4c6b elementor-widget elementor-widget-leroux_core_single_image\" data-id=\"33f4c6b\" data-element_type=\"widget\" data-e-type=\"widget\" data-widget_type=\"leroux_core_single_image.default\">\n\t\t\t\t<div class=\"elementor-widget-container\">\n\t\t\t\t\t<div class=\"qodef-shortcode qodef-m  qodef-single-image qodef-layout--default   \">\n\t\t\t<div class=\"qodef-m-image\">\n\t\t\t\t\t\t\t\t<img fetchpriority=\"high\" decoding=\"async\" width=\"1575\" height=\"910\" src=\"https:\/\/ccelra.eu\/wp-content\/uploads\/2023\/02\/2021_dossier_premis_CASTT-8.jpg\" class=\"attachment-full size-full\" alt=\"\" srcset=\"https:\/\/ccelra.eu\/wp-content\/uploads\/2023\/02\/2021_dossier_premis_CASTT-8.jpg 1575w, https:\/\/ccelra.eu\/wp-content\/uploads\/2023\/02\/2021_dossier_premis_CASTT-8-300x173.jpg 300w, https:\/\/ccelra.eu\/wp-content\/uploads\/2023\/02\/2021_dossier_premis_CASTT-8-768x444.jpg 768w, https:\/\/ccelra.eu\/wp-content\/uploads\/2023\/02\/2021_dossier_premis_CASTT-8-1024x592.jpg 1024w, https:\/\/ccelra.eu\/wp-content\/uploads\/2023\/02\/2021_dossier_premis_CASTT-8-1536x887.jpg 1536w, https:\/\/ccelra.eu\/wp-content\/uploads\/2023\/02\/2021_dossier_premis_CASTT-8-600x347.jpg 600w\" sizes=\"(max-width: 1575px) 100vw, 1575px\" \/>\t\t\t\t\t\t\t<\/div>\n\t<\/div>\n\t\t\t\t<\/div>\n\t\t\t\t<\/div>\n\t\t\t\t<div class=\"elementor-element elementor-element-7fe41bb elementor-widget elementor-widget-text-editor\" data-id=\"7fe41bb\" data-element_type=\"widget\" data-e-type=\"widget\" data-widget_type=\"text-editor.default\">\n\t\t\t\t<div class=\"elementor-widget-container\">\n\t\t\t\t\t\t\t\t\t<h4 data-pm-slice=\"1 1 []\"><strong>La projecci\u00f3 a l&#8217;exterior.<\/strong><\/h4>\t\t\t\t\t\t\t\t<\/div>\n\t\t\t\t<\/div>\n\t\t\t\t<div class=\"elementor-element elementor-element-88f8a0f elementor-widget elementor-widget-text-editor\" data-id=\"88f8a0f\" data-element_type=\"widget\" data-e-type=\"widget\" data-widget_type=\"text-editor.default\">\n\t\t\t\t<div class=\"elementor-widget-container\">\n\t\t\t\t\t\t\t\t\t<p>El segon guard\u00f3, dedicat a la Projecci\u00f3 Internacional va ser per a <strong>Olot Meats Group<\/strong> i reconeix la projecci\u00f3 internacional de les empreses que facturen m\u00e9s de 5M EUR. S&#8217;ha valorat molt positivament la consolidaci\u00f3 aconseguida durant els darrers anys aconseguint unes xifres d&#8217;exportaci\u00f3 creixents, l&#8217;obertura de nous mercats a tercers pa\u00efsos, aix\u00ed com la remodelaci\u00f3 de bona part de les instal\u00b7lacions. Olot Meats Group t\u00e9 1.200 treballadors, amb seus a Olot, Jui\u00e0 i Celr\u00e0, i factura prop de 600M EUR dels quals exporta 347M EUR. Els seus principals mercats: Xina, 45%; Hong Kong, 20% i Vietnam, 11%. Pel que fa als tercers premiats, Enprom Packaging SL rep el premi Especial a la Innovaci\u00f3, que vol recon\u00e8ixer l&#8217;especial esfor\u00e7 en innovaci\u00f3 que fan les empreses exportadores de Girona. El jurat ha destacat l&#8217;estructura circular de l&#8217;empresa que valora la participaci\u00f3 de tots els integrants de l&#8217;equip t\u00e8cnic, la rellevant alian\u00e7a comercial amb una empresa referent del sector a nivell mundial que li permet accedir a nous mercats internacionals gaudint de certificacions en R+D. Tamb\u00e9 l&#8217;excel\u00b7lent evoluci\u00f3 de la facturaci\u00f3 i de les exportacions. L&#8217;empresa t\u00e9 la seu a Sant Juli\u00e0 de Ramis i disposa de 24 treballadors i la facturaci\u00f3 \u00e9s de prop de 4M EUR amb un 50% d&#8217;exportaci\u00f3. Els seus principals mercats: Alemanya, 27%; Estats Units, 25% i Portugal, 17%. El jurat dels Premis a l&#8217;Exportaci\u00f3 ha estat integrat per Dom\u00e8nec Espadal\u00e9, president de la Cambra de Comer\u00e7 de Girona; Joaquim Maci\u00e0, director de la Banca d&#8217;Institucions de Caixa Bank; Alicia Gir\u00e1ldez, cap de departament a ICEX Barcelona. Tamb\u00e9 en formaven part N\u00faria Betriu, exdirectora general d&#8217;Ind\u00fastria i exconsellera delegada d&#8217;ACCI\u00d3N; Joaquim Maria Caula, Esmeragdo Macias i Jaume Guardia, empresaris exportadors i membres del Comit\u00e8 Executiu de la Cambra de Comer\u00e7 de Girona, i Eduard Torrent, director gerent de la Cambra de Comer\u00e7 de Girona.<\/p>\t\t\t\t\t\t\t\t<\/div>\n\t\t\t\t<\/div>\n\t\t\t\t\t<\/div>\n\t\t<\/div>\n\t\t\t\t\t<\/div>\n\t\t<\/section>\n\t\t<div class=\"elementor-element elementor-element-8f28d40 e-flex e-con-boxed e-con e-parent\" data-id=\"8f28d40\" data-element_type=\"container\" data-e-type=\"container\">\n\t\t\t\t\t<div class=\"e-con-inner\">\n\t\t\t\t<div class=\"elementor-element elementor-element-1f6b14e elementor-widget elementor-widget-image\" data-id=\"1f6b14e\" data-element_type=\"widget\" data-e-type=\"widget\" data-widget_type=\"image.default\">\n\t\t\t\t<div class=\"elementor-widget-container\">\n\t\t\t\t\t\t\t\t\t\t\t\t\t\t\t<img decoding=\"async\" width=\"949\" height=\"1009\" src=\"https:\/\/ccelra.eu\/wp-content\/uploads\/2023\/02\/2024_dossier_premis_CASTT-1.jpg\" class=\"attachment-large size-large wp-image-13217\" alt=\"\" srcset=\"https:\/\/ccelra.eu\/wp-content\/uploads\/2023\/02\/2024_dossier_premis_CASTT-1.jpg 949w, https:\/\/ccelra.eu\/wp-content\/uploads\/2023\/02\/2024_dossier_premis_CASTT-1-282x300.jpg 282w, https:\/\/ccelra.eu\/wp-content\/uploads\/2023\/02\/2024_dossier_premis_CASTT-1-768x817.jpg 768w, https:\/\/ccelra.eu\/wp-content\/uploads\/2023\/02\/2024_dossier_premis_CASTT-1-600x638.jpg 600w\" sizes=\"(max-width: 949px) 100vw, 949px\" \/>\t\t\t\t\t\t\t\t\t\t\t\t\t\t\t<\/div>\n\t\t\t\t<\/div>\n\t\t\t\t\t<\/div>\n\t\t\t\t<\/div>\n\t\t\t\t<\/div>\n\t\t","protected":false},"excerpt":{"rendered":"<p>Els guardons reconeixen a les tres empreses la seva iniciativa exportadora, per la projecci\u00f3 internacional i per la seva innovaci\u00f3 especial. La corporaci\u00f3 empresarial tamb\u00e9 va voler agrair el Celler de Can Roca la seva ajuda a la internacionalitzaci\u00f3. La Cambra va guardonar Sant Aniol, Olot Meats Group i Enprom durant la gala anual dels [&hellip;]<\/p>\n","protected":false},"author":1,"featured_media":13185,"comment_status":"closed","ping_status":"closed","sticky":false,"template":"","format":"standard","meta":{"footnotes":""},"categories":[265],"tags":[],"class_list":["post-19509","post","type-post","status-publish","format-standard","has-post-thumbnail","hentry","category-internacional_cat"],"_links":{"self":[{"href":"https:\/\/ccelra.eu\/index.php\/wp-json\/wp\/v2\/posts\/19509","targetHints":{"allow":["GET"]}}],"collection":[{"href":"https:\/\/ccelra.eu\/index.php\/wp-json\/wp\/v2\/posts"}],"about":[{"href":"https:\/\/ccelra.eu\/index.php\/wp-json\/wp\/v2\/types\/post"}],"author":[{"embeddable":true,"href":"https:\/\/ccelra.eu\/index.php\/wp-json\/wp\/v2\/users\/1"}],"replies":[{"embeddable":true,"href":"https:\/\/ccelra.eu\/index.php\/wp-json\/wp\/v2\/comments?post=19509"}],"version-history":[{"count":11,"href":"https:\/\/ccelra.eu\/index.php\/wp-json\/wp\/v2\/posts\/19509\/revisions"}],"predecessor-version":[{"id":20641,"href":"https:\/\/ccelra.eu\/index.php\/wp-json\/wp\/v2\/posts\/19509\/revisions\/20641"}],"wp:featuredmedia":[{"embeddable":true,"href":"https:\/\/ccelra.eu\/index.php\/wp-json\/wp\/v2\/media\/13185"}],"wp:attachment":[{"href":"https:\/\/ccelra.eu\/index.php\/wp-json\/wp\/v2\/media?parent=19509"}],"wp:term":[{"taxonomy":"category","embeddable":true,"href":"https:\/\/ccelra.eu\/index.php\/wp-json\/wp\/v2\/categories?post=19509"},{"taxonomy":"post_tag","embeddable":true,"href":"https:\/\/ccelra.eu\/index.php\/wp-json\/wp\/v2\/tags?post=19509"}],"curies":[{"name":"wp","href":"https:\/\/api.w.org\/{rel}","templated":true}]}}